{"id":21442,"date":"2022-05-25T11:16:12","date_gmt":"2022-05-25T09:16:12","guid":{"rendered":"https:\/\/www.alysea.lu\/?p=21442"},"modified":"2022-10-13T11:20:44","modified_gmt":"2022-10-13T09:20:44","slug":"ausflug-in-den-royal-palace","status":"publish","type":"post","link":"https:\/\/www.alysea.lu\/de\/ausflug-in-den-royal-palace\/","title":{"rendered":"Ausflug in den Royal Palace"},"content":{"rendered":"<section  class='av_textblock_section av-av_textblock-2bd894dbf2e4bf2c4acf98ce4fbf94aa '   itemscope=\"itemscope\" itemtype=\"https:\/\/schema.org\/BlogPosting\" itemprop=\"blogPost\" ><div class='avia_textblock'  itemprop=\"text\" ><div>\n<p style=\"color: #999999; font-size: 16px;\">19 Bewohner*Innen der Jardins d&#8217;Alysea und 6 Begleiter*Innen besuchten die Vorstellung des Kabaretts Royal Palace und entdeckten eine au\u00dfergew\u00f6hnliche Welt, in der Phantasie und Realit\u00e4t miteinander verschmelzen.<\/p>\n<\/div>\n<div>\n<p style=\"color: #999999; font-size: 16px;\">S\u00e4nger, Jongleure, T\u00e4nzer, Seilt\u00e4nzer, Illusionisten und Zauberer &#8230; fast 40 hochkar\u00e4tige K\u00fcnstler aus aller Welt erfreuten und begeisterten die Bewohner*Innen mit ihrem Rhythmusgef\u00fchl, ihrer Risikobereitschaft, ihrer Virtuosit\u00e4t und ihrer Kreativit\u00e4t bei ebenso abwechslungsreichen wie atemberaubenden Nummern. Vor der Show a\u00dfen die Bewohner in einem der Restaurants des Royal Palace zu Mittag und genossen traditionelle franz\u00f6sische K\u00fcche in einer festlichen und musikalischen Atmosph\u00e4re.\n<\/p>\n<\/div>\n<\/div><\/section>\n","protected":false},"excerpt":{"rendered":"","protected":false},"author":8,"featured_media":21359,"comment_status":"closed","ping_status":"closed","sticky":false,"template":"","format":"standard","meta":{"_seopress_robots_primary_cat":"87","_seopress_titles_title":"","_seopress_titles_desc":"","_seopress_robots_index":"","footnotes":""},"categories":[95],"tags":[],"class_list":["post-21442","post","type-post","status-publish","format-standard","has-post-thumbnail","hentry","category-actus-de"],"_links":{"self":[{"href":"https:\/\/www.alysea.lu\/de\/wp-json\/wp\/v2\/posts\/21442","targetHints":{"allow":["GET"]}}],"collection":[{"href":"https:\/\/www.alysea.lu\/de\/wp-json\/wp\/v2\/posts"}],"about":[{"href":"https:\/\/www.alysea.lu\/de\/wp-json\/wp\/v2\/types\/post"}],"author":[{"embeddable":true,"href":"https:\/\/www.alysea.lu\/de\/wp-json\/wp\/v2\/users\/8"}],"replies":[{"embeddable":true,"href":"https:\/\/www.alysea.lu\/de\/wp-json\/wp\/v2\/comments?post=21442"}],"version-history":[{"count":2,"href":"https:\/\/www.alysea.lu\/de\/wp-json\/wp\/v2\/posts\/21442\/revisions"}],"predecessor-version":[{"id":21449,"href":"https:\/\/www.alysea.lu\/de\/wp-json\/wp\/v2\/posts\/21442\/revisions\/21449"}],"wp:featuredmedia":[{"embeddable":true,"href":"https:\/\/www.alysea.lu\/de\/wp-json\/wp\/v2\/media\/21359"}],"wp:attachment":[{"href":"https:\/\/www.alysea.lu\/de\/wp-json\/wp\/v2\/media?parent=21442"}],"wp:term":[{"taxonomy":"category","embeddable":true,"href":"https:\/\/www.alysea.lu\/de\/wp-json\/wp\/v2\/categories?post=21442"},{"taxonomy":"post_tag","embeddable":true,"href":"https:\/\/www.alysea.lu\/de\/wp-json\/wp\/v2\/tags?post=21442"}],"curies":[{"name":"wp","href":"https:\/\/api.w.org\/{rel}","templated":true}]}}